{"id":1643,"date":"2026-09-01T15:40:47","date_gmt":"2026-09-01T13:40:47","guid":{"rendered":"https:\/\/mfrbrenne.fr\/?p=1643"},"modified":"2026-09-01T15:42:00","modified_gmt":"2026-09-01T13:42:00","slug":"une-nouvelle-rentree-pour-la-mfr","status":"publish","type":"post","link":"https:\/\/mfrbrenne.fr\/index.php\/2026\/09\/01\/une-nouvelle-rentree-pour-la-mfr\/","title":{"rendered":"UNE NOUVELLE RENTREE POUR LA MFR !"},"content":{"rendered":"\n<p class=\"wp-block-paragraph\"><strong>C\u2019est la rentr\u00e9e \u00e0 la MFR de la Brenne !<\/strong><\/p>\n\n\n\n<p class=\"wp-block-paragraph\">La MFR de la Brenne a fait sa rentr\u00e9e et a retrouv\u00e9 avec plaisir ses stagiaires et l\u2019ensemble de son \u00e9quipe.<\/p>\n\n\n\n<p class=\"wp-block-paragraph\">Cette rentr\u00e9e marque notamment le retour des <strong>stagiaires BPJEPS<\/strong>, qui ont repris leur formation d\u00e8s le <strong>lundi 31 ao\u00fbt 2026<\/strong>. Apr\u00e8s quelques semaines de pause estivale, le groupe a retrouv\u00e9 avec plaisir les locaux et l\u2019\u00e9quipe de la MFR pour poursuivre son parcours et les diff\u00e9rents projets engag\u00e9s depuis le d\u00e9but de la formation.<\/p>\n\n\n\n<p class=\"wp-block-paragraph\">Cette nouvelle rentr\u00e9e est \u00e9galement marqu\u00e9e par la <strong>mobilisation autour de notre dispositif Ann\u00e9e Verte<\/strong>, l\u2019<strong>ouverture de notre deuxi\u00e8me session BPJEPS<\/strong>, qui vient poursuivre la dynamique engag\u00e9e autour de cette formation ainsi que nos <strong>formations courtes<\/strong> consacr\u00e9es \u00e0 l&rsquo;<strong>Entra\u00eenement Mental<\/strong> et le <strong>Podcast<\/strong>.<\/p>\n\n\n\n<p class=\"wp-block-paragraph\">Toute l\u2019\u00e9quipe de la <strong>MFR de la Brenne<\/strong> est heureuse d\u2019accompagner les apprenants dans cette nouvelle ann\u00e9e, en lien \u00e9troit avec les structures professionnelles et les diff\u00e9rents partenaires qui contribuent \u00e0 leur parcours.<\/p>\n\n\n\n<p class=\"wp-block-paragraph\"><strong>Nous souhaitons \u00e0 toutes et \u00e0 tous une tr\u00e8s belle ann\u00e9e de formation, riche en apprentissages, en projets et en r\u00e9ussites !<\/strong><\/p>\n\n\n\n<p class=\"wp-block-paragraph\">\ud83d\udcf8 <em>L\u2019\u00e9quipe de la MFR de la Brenne et les stagiaires BPJEPS r\u00e9unis pour cette nouvelle rentr\u00e9e.<\/em><\/p>\n\n\n\n<figure class=\"wp-block-image size-large\"><img fetchpriority=\"high\" decoding=\"async\" width=\"1024\" height=\"768\" src=\"https:\/\/mfrbrenne.fr\/wp-content\/uploads\/2026\/09\/Photo-rentree-2026-1024x768.jpg\" alt=\"\" class=\"wp-image-1644\" srcset=\"https:\/\/mfrbrenne.fr\/wp-content\/uploads\/2026\/09\/Photo-rentree-2026-1024x768.jpg 1024w, https:\/\/mfrbrenne.fr\/wp-content\/uploads\/2026\/09\/Photo-rentree-2026-300x225.jpg 300w, https:\/\/mfrbrenne.fr\/wp-content\/uploads\/2026\/09\/Photo-rentree-2026-768x576.jpg 768w, https:\/\/mfrbrenne.fr\/wp-content\/uploads\/2026\/09\/Photo-rentree-2026-2048x1536.jpg 2048w, https:\/\/mfrbrenne.fr\/wp-content\/uploads\/2026\/09\/Photo-rentree-2026-1536x1152.jpg 1536w\" sizes=\"(max-width: 1024px) 100vw, 1024px\" \/><\/figure>\n","protected":false},"excerpt":{"rendered":"<p>C\u2019est la rentr\u00e9e \u00e0 la MFR de la Brenne ! La MFR de la Brenne a fait sa rentr\u00e9e et a retrouv\u00e9 avec plaisir ses stagiaires et l\u2019ensemble de son \u00e9quipe. Cette rentr\u00e9e marque notamment le retour des stagiaires BPJEPS, qui ont repris leur formation d\u00e8s le lundi 31 ao\u00fbt 2026. Apr\u00e8s quelques semaines de [&hellip;]<\/p>\n","protected":false},"author":3,"featured_media":1644,"comment_status":"open","ping_status":"open","sticky":false,"template":"","format":"standard","meta":{"footnotes":""},"categories":[1],"tags":[],"class_list":["post-1643","post","type-post","status-publish","format-standard","has-post-thumbnail","hentry","category-non-classe"],"_links":{"self":[{"href":"https:\/\/mfrbrenne.fr\/index.php\/wp-json\/wp\/v2\/posts\/1643","targetHints":{"allow":["GET"]}}],"collection":[{"href":"https:\/\/mfrbrenne.fr\/index.php\/wp-json\/wp\/v2\/posts"}],"about":[{"href":"https:\/\/mfrbrenne.fr\/index.php\/wp-json\/wp\/v2\/types\/post"}],"author":[{"embeddable":true,"href":"https:\/\/mfrbrenne.fr\/index.php\/wp-json\/wp\/v2\/users\/3"}],"replies":[{"embeddable":true,"href":"https:\/\/mfrbrenne.fr\/index.php\/wp-json\/wp\/v2\/comments?post=1643"}],"version-history":[{"count":1,"href":"https:\/\/mfrbrenne.fr\/index.php\/wp-json\/wp\/v2\/posts\/1643\/revisions"}],"predecessor-version":[{"id":1645,"href":"https:\/\/mfrbrenne.fr\/index.php\/wp-json\/wp\/v2\/posts\/1643\/revisions\/1645"}],"wp:featuredmedia":[{"embeddable":true,"href":"https:\/\/mfrbrenne.fr\/index.php\/wp-json\/wp\/v2\/media\/1644"}],"wp:attachment":[{"href":"https:\/\/mfrbrenne.fr\/index.php\/wp-json\/wp\/v2\/media?parent=1643"}],"wp:term":[{"taxonomy":"category","embeddable":true,"href":"https:\/\/mfrbrenne.fr\/index.php\/wp-json\/wp\/v2\/categories?post=1643"},{"taxonomy":"post_tag","embeddable":true,"href":"https:\/\/mfrbrenne.fr\/index.php\/wp-json\/wp\/v2\/tags?post=1643"}],"curies":[{"name":"wp","href":"https:\/\/api.w.org\/{rel}","templated":true}]}}